{"id":25005,"date":"2017-05-30T09:53:27","date_gmt":"2017-05-30T12:53:27","guid":{"rendered":"http:\/\/www.radio94fm.net\/site\/?p=25005"},"modified":"2017-05-30T09:53:27","modified_gmt":"2017-05-30T12:53:27","slug":"pregador-luo-da-detalhes-e-explica-letra-de-la-onde-eu-vou-morar-a-sua-nova-musica","status":"publish","type":"post","link":"https:\/\/radio94fm.net\/site\/pregador-luo-da-detalhes-e-explica-letra-de-la-onde-eu-vou-morar-a-sua-nova-musica\/","title":{"rendered":"Pregador Luo d\u00e1 detalhes e explica letra de &#8220;L\u00e1 Onde Eu Vou Morar&#8221;, a sua nova m\u00fasica."},"content":{"rendered":"<p><img loading=\"lazy\" decoding=\"async\" class=\"aligncenter size-full wp-image-25006\" src=\"https:\/\/www.radio94fm.net\/site\/wp-content\/uploads\/2017\/05\/120344w550.jpg\" alt=\"\" width=\"550\" height=\"336\" srcset=\"https:\/\/radio94fm.net\/site\/wp-content\/uploads\/2017\/05\/120344w550.jpg 550w, https:\/\/radio94fm.net\/site\/wp-content\/uploads\/2017\/05\/120344w550-300x183.jpg 300w\" sizes=\"auto, (max-width: 550px) 100vw, 550px\" \/><\/p>\n<p>&nbsp;<\/p>\n<p><span style=\"color: #000000;\">A pedido do <a style=\"color: #000000;\" href=\"https:\/\/www.vagalume.com.br\/vaga-lume\/\">Vagalume<\/a>, o rapper <a style=\"color: #000000;\" href=\"https:\/\/www.vagalume.com.br\/pregador-luo\/\">Pregador Luo<\/a> topou discutir alguns trechos da letra de seu mais novo single, o rec\u00e9m-lan\u00e7ado &#8220;<a style=\"color: #000000;\" href=\"https:\/\/www.vagalume.com.br\/pregador-luo\/la-onde-eu-vou-morar.html\">L\u00e1 Onde Eu Vou Morar<\/a>&#8220;, para que seus f\u00e3s entendam melhor as suas ideias.<\/span><\/p>\n<p>&nbsp;<\/p>\n<p><span style=\"color: #000000;\">Leia a letra e em seguida os coment\u00e1rios:<\/span><\/p>\n<p>&nbsp;<\/p>\n<p><span style=\"color: #000000;\">&#8220;<a style=\"color: #000000;\" href=\"https:\/\/www.vagalume.com.br\/pregador-luo\/la-onde-eu-vou-morar.html\">L\u00e1 Onde Eu Vou Morar<\/a>&#8220;<\/span><br \/>\n<span style=\"color: #000000;\">Viva com amor<\/span><br \/>\n<span style=\"color: #000000;\">Viiva com paix\u00e3o<\/span><\/p>\n<p>&nbsp;<\/p>\n<p><span style=\"color: #000000;\">L.U.O.<\/span><\/p>\n<p>&nbsp;<\/p>\n<p><span style=\"color: #000000;\">Pessoas matam e pessoas morrem<\/span><br \/>\n<span style=\"color: #000000;\">Quem as pune ou quem as socorre<\/span><br \/>\n<span style=\"color: #000000;\"><strong>Quem se compadece quando outro corpo desce<\/strong><br \/>\n<strong> Quem chora pelos \u00f3rf\u00e3os, quem zela pelos velhos<\/strong><br \/>\n<strong> Quem respeita as rugas, quem chora pelas vi\u00favas<\/strong><br \/>\n<strong> O governo se alterna, mas a vida n\u00e3o muda<\/strong> (coment\u00e1rio 1)<\/span><br \/>\n<span style=\"color: #000000;\">Basta andar nas ruas pra encontrar rancor<\/span><br \/>\n<span style=\"color: #000000;\">Ser\u00e1 que o estoque t\u00e1 zerado e acabou o nosso amor<\/span><\/p>\n<p>&nbsp;<\/p>\n<p><span style=\"color: #000000;\">O ciclo da vida pode mudar <\/span><br \/>\n<span style=\"color: #000000;\">As pessoas sempre podem recome\u00e7ar <\/span><br \/>\n<span style=\"color: #000000;\"><strong>Sou eu quem escolho como quero andar<\/strong> (coment\u00e1rio 2)<\/span><br \/>\n<span style=\"color: #000000;\">Se vou ajudar ou vou ignorar<\/span><br \/>\n<span style=\"color: #000000;\">O caminho da paz \u00e9 a compaix\u00e3o <\/span><br \/>\n<span style=\"color: #000000;\">Amo a justi\u00e7a, amo meu irm\u00e3o <\/span><br \/>\n<span style=\"color: #000000;\">Deixei abertas as janelas do meu cora\u00e7\u00e3o<\/span><\/p>\n<p>&nbsp;<\/p>\n<p><strong><span style=\"color: #000000;\">Refr\u00e3o<br \/>\nL\u00e1, l\u00e1, l\u00e1, l\u00e1 onde eu vou morar<br \/>\nEu vou refletir uma luz maior (coment\u00e1rio 3)<br \/>\nL\u00e1, l\u00e1, l\u00e1, l\u00e1 eu serei melhor<br \/>\nComecei aqui o que termina l\u00e1<\/span><\/strong><\/p>\n<p>&nbsp;<\/p>\n<p><span style=\"color: #000000;\">Eu encontrei amor nas palavras do meu Mestre <\/span><br \/>\n<strong><span style=\"color: #000000;\">Eu encontrei amor no ventre de minha m\u00e3e<br \/>\nMe alimentei direto na fonte de El Shaddai (coment\u00e1rio 4)<br \/>\nEu encontrei exemplo nos calos das m\u00e3os de meu pai<\/span><\/strong><br \/>\n<span style=\"color: #000000;\">Nas preces de meus av\u00f3s<\/span><br \/>\n<span style=\"color: #000000;\">Encontrei amor na voz do meu pastor<\/span><br \/>\n<span style=\"color: #000000;\">Me tornei capaz de produzir amor e de refletir a luz<\/span><br \/>\n<span style=\"color: #000000;\">Meu Senhor obrigado por nos enviar Jesus<\/span><\/p>\n<p>&nbsp;<\/p>\n<p><span style=\"color: #000000;\">O ciclo da vida pode mudar<\/span><br \/>\n<span style=\"color: #000000;\">As pessoas sempre podem recome\u00e7ar <\/span><br \/>\n<span style=\"color: #000000;\">Sou eu quem escolho como quero andar<\/span><br \/>\n<span style=\"color: #000000;\">Se vou ajudar ou vou ignorar<\/span><br \/>\n<strong><span style=\"color: #000000;\">O caminho da paz \u00e9 a compaix\u00e3o<br \/>\nAmo a justi\u00e7a, amo meu irm\u00e3o (coment\u00e1rio 5)<br \/>\nDeixei abertas as janelas do meu cora\u00e7\u00e3o<\/span><\/strong><\/p>\n<p>&nbsp;<\/p>\n<p><span style=\"color: #000000;\">Refr\u00e3o<\/span><br \/>\n<span style=\"color: #000000;\">L\u00e1, l\u00e1, l\u00e1, l\u00e1 onde eu vou morar<\/span><br \/>\n<span style=\"color: #000000;\">Eu vou refletir uma luz maior<\/span><br \/>\n<span style=\"color: #000000;\">L\u00e1, l\u00e1, l\u00e1, l\u00e1 eu serei melhor <\/span><br \/>\n<span style=\"color: #000000;\">Comecei aqui o que termina l\u00e1<\/span><\/p>\n<p>&nbsp;<\/p>\n<p><span style=\"color: #000000;\"><strong>Coment\u00e1rio 1<\/strong>: Eu vivo a questionar a nossa frieza diante das mazelas e infort\u00fanios dos nossos irm\u00e3os. Todos os dias vemos viol\u00eancia e descaso nas ruas ou na televis\u00e3o e estamos perdendo a capacidade de fazer algo a respeito e nos indignar. Muita gente ao assistir v\u00eddeos de brigas, acidentes e demais desgra\u00e7as postados em redes sociais, ri e se diverte. Basta ler os coment\u00e1rios para termos uma no\u00e7\u00e3o do descaso do ser humano com o pr\u00f3ximo. O Estado tem responsabilidade sobre a educa\u00e7\u00e3o de seu povo, mas a obriga\u00e7\u00e3o de se tornar um povo evolu\u00eddo e unido \u00e9 nossa. Enquanto n\u00e3o buscarmos ter as atitudes e sentimentos adequados para cada situa\u00e7\u00e3o da vida, pagaremos o pre\u00e7o alto de viver no caos.<\/span><\/p>\n<p>&nbsp;<\/p>\n<p><span style=\"color: #000000;\"><strong>Coment\u00e1rio 2<\/strong>: Precisamos nos libertar dos padr\u00f5es impostos pela sociedade e dos meios que frequentamos. Consumismo, homofobia, machismo, racismo, preconceito e tantas outras posturas deplor\u00e1veis s\u00e3o adquiridos dentro de casa ou nos antros que participamos. Muito do que nos ensinaram e repetimos est\u00e1 errado. Sempre fa\u00e7o essa autoan\u00e1lise sobre meus pensamentos e atitudes e creio que todos devem fazer o mesmo.<\/span><\/p>\n<p>&nbsp;<\/p>\n<p><span style=\"color: #000000;\"><strong>Coment\u00e1rio 3<\/strong>: O \u201cL\u00e1\u201d que eu me refiro na m\u00fasica \u00e9 o C\u00e9u. Mas n\u00e3o esse c\u00e9u de uma ideia preconcebida que a religi\u00e3o tenta nos fazer acreditar. N\u00e3o d\u00e1 pra saber ao certo como as coisas ser\u00e3o ap\u00f3s esse per\u00edodo na Terra, mas todos que est\u00e3o buscando ilumina\u00e7\u00e3o sabem que precisamos nos tornar seres melhores e mais corretos. Essa mudan\u00e7a de comportamento come\u00e7a aqui e continua na eternidade.<\/span><br \/>\n<span style=\"color: #000000;\"><b><br \/>\n<\/b><strong>Coment\u00e1rio 4<\/strong>: Existe amor mais puro do que viver no cerne de algu\u00e9m e ser nutrido, protegido e gestado todos os dias? S\u00f3 uma m\u00e3e consegue amar assim. El Shaddai \u00e9 um dos nomes hebraicos relacionados a Deus. Sempre busquei ter minhas experi\u00eancias espirituais diretamente em Deus. Muito do que vivi, presenciei, aprendi e senti tenho certeza que veio diretamente Dele, das ora\u00e7\u00f5es e conversas que tenho com Ele, da B\u00edblia e da natureza. Sou agradecido pelos ensinamentos que absorvi testemunhando as experi\u00eancias de outras pessoas. Meu pai foi um homem extremamente trabalhador e honrado. N\u00e3o fomos pr\u00f3ximos e tivemos uma rela\u00e7\u00e3o triste e conturbada. Mesmo assim, percebi que herdei dele a maior heran\u00e7a que ele poderia me deixar, seu exemplo de homem batalhador.<\/span><\/p>\n<p>&nbsp;<\/p>\n<p><span style=\"color: #000000;\"><strong>Coment\u00e1rio 5<\/strong>: Se procurarmos viver o que esse trecho da letra diz, teremos paz e poderemos perceber de fato o que significa felicidade. Todas as vezes que exer\u00e7o compaix\u00e3o, amor e justi\u00e7a, eu me sinto pleno.<\/span><\/p>\n<p>&nbsp;<\/p>\n<p><span style=\"color: #000000;\">E agora ou\u00e7a a m\u00fasica!<\/span><\/p>\n<p>&nbsp;<\/p>\n<p><iframe loading=\"lazy\" src=\"https:\/\/www.youtube.com\/embed\/cQj7tUP13M4\" width=\"560\" height=\"316\" frameborder=\"0\" allowfullscreen=\"allowfullscreen\"><\/iframe><\/p>\n","protected":false},"excerpt":{"rendered":"<p>&nbsp; A pedido do Vagalume, o rapper Pregador Luo topou discutir alguns trechos da letra de seu mais novo single, o rec\u00e9m-lan\u00e7ado &#8220;L\u00e1 Onde Eu Vou Morar&#8220;, para que seus f\u00e3s entendam melhor as suas ideias. &nbsp; Leia a letra e em seguida os coment\u00e1rios: &nbsp; &#8220;L\u00e1 Onde Eu Vou Morar&#8220; Viva com amor Viiva&#8230;<\/p>\n","protected":false},"author":1,"featured_media":25006,"comment_status":"open","ping_status":"open","sticky":false,"template":"","format":"standard","meta":{"ngg_post_thumbnail":0,"footnotes":""},"categories":[60],"tags":[],"class_list":["post-25005","post","type-post","status-publish","format-standard","has-post-thumbnail","hentry","category-na-musica","have-post-thumb"],"_links":{"self":[{"href":"https:\/\/radio94fm.net\/site\/wp-json\/wp\/v2\/posts\/25005","targetHints":{"allow":["GET"]}}],"collection":[{"href":"https:\/\/radio94fm.net\/site\/wp-json\/wp\/v2\/posts"}],"about":[{"href":"https:\/\/radio94fm.net\/site\/wp-json\/wp\/v2\/types\/post"}],"author":[{"embeddable":true,"href":"https:\/\/radio94fm.net\/site\/wp-json\/wp\/v2\/users\/1"}],"replies":[{"embeddable":true,"href":"https:\/\/radio94fm.net\/site\/wp-json\/wp\/v2\/comments?post=25005"}],"version-history":[{"count":0,"href":"https:\/\/radio94fm.net\/site\/wp-json\/wp\/v2\/posts\/25005\/revisions"}],"wp:featuredmedia":[{"embeddable":true,"href":"https:\/\/radio94fm.net\/site\/wp-json\/wp\/v2\/media\/25006"}],"wp:attachment":[{"href":"https:\/\/radio94fm.net\/site\/wp-json\/wp\/v2\/media?parent=25005"}],"wp:term":[{"taxonomy":"category","embeddable":true,"href":"https:\/\/radio94fm.net\/site\/wp-json\/wp\/v2\/categories?post=25005"},{"taxonomy":"post_tag","embeddable":true,"href":"https:\/\/radio94fm.net\/site\/wp-json\/wp\/v2\/tags?post=25005"}],"curies":[{"name":"wp","href":"https:\/\/api.w.org\/{rel}","templated":true}]}}