{"id":23692,"date":"2017-05-17T09:23:43","date_gmt":"2017-05-17T12:23:43","guid":{"rendered":"http:\/\/www.radio94fm.net\/site\/?p=23692"},"modified":"2017-05-17T09:23:43","modified_gmt":"2017-05-17T12:23:43","slug":"ouca-a-previa-de-toneladas-faixa-inedita-de-shakira","status":"publish","type":"post","link":"https:\/\/radio94fm.net\/site\/ouca-a-previa-de-toneladas-faixa-inedita-de-shakira\/","title":{"rendered":"Ou\u00e7a a pr\u00e9via de &#8220;Toneladas&#8221;, faixa in\u00e9dita de Shakira"},"content":{"rendered":"<p><img loading=\"lazy\" decoding=\"async\" class=\" wp-image-23693 alignleft\" src=\"https:\/\/www.radio94fm.net\/site\/wp-content\/uploads\/2017\/05\/118737w550.jpg\" alt=\"\" width=\"305\" height=\"229\" srcset=\"https:\/\/radio94fm.net\/site\/wp-content\/uploads\/2017\/05\/118737w550.jpg 550w, https:\/\/radio94fm.net\/site\/wp-content\/uploads\/2017\/05\/118737w550-300x225.jpg 300w\" sizes=\"auto, (max-width: 305px) 100vw, 305px\" \/><span style=\"color: #000000;\">Chegou \u00e0 rede um trecho de uma nova m\u00fasica de Shakira, chamada &#8220;Toneladas&#8221;.<\/span><\/p>\n<p>&nbsp;<\/p>\n<p><span style=\"color: #000000;\">A faixa far\u00e1 parte do pr\u00f3ximo \u00e1lbum de est\u00fadio da estrela colombiana, &#8220;El Dorado&#8221;, que chega ao mercado em 26 de maio.<\/span><\/p>\n<p>&nbsp;<\/p>\n<p><span style=\"color: #000000;\">O disco j\u00e1 conta com os sucessos &#8220;Chantaje (Feat. Maluma)&#8221; e &#8220;La Bicicleta&#8221;, e o single &#8220;Me Enamor\u00e9&#8221;, que teve o seu clipe revelado recentemente.<\/span><\/p>\n<p>&nbsp;<\/p>\n<p><span style=\"color: #000000;\">Confira a seguir uma pr\u00e9via de &#8220;Toneladas&#8221;:<\/span><\/p>\n<p>&nbsp;<\/p>\n<p><iframe loading=\"lazy\" src=\"https:\/\/www.youtube.com\/embed\/WNrTwsu7JWE\" width=\"560\" height=\"315\" frameborder=\"0\" allowfullscreen=\"allowfullscreen\"><\/iframe><\/p>\n","protected":false},"excerpt":{"rendered":"<p>Chegou \u00e0 rede um trecho de uma nova m\u00fasica de Shakira, chamada &#8220;Toneladas&#8221;. &nbsp; A faixa far\u00e1 parte do pr\u00f3ximo \u00e1lbum de est\u00fadio da estrela colombiana, &#8220;El Dorado&#8221;, que chega ao mercado em 26 de maio. &nbsp; O disco j\u00e1 conta com os sucessos &#8220;Chantaje (Feat. Maluma)&#8221; e &#8220;La Bicicleta&#8221;, e o single &#8220;Me Enamor\u00e9&#8221;,&#8230;<\/p>\n","protected":false},"author":1,"featured_media":23693,"comment_status":"open","ping_status":"open","sticky":false,"template":"","format":"standard","meta":{"ngg_post_thumbnail":0,"footnotes":""},"categories":[60],"tags":[],"class_list":["post-23692","post","type-post","status-publish","format-standard","has-post-thumbnail","hentry","category-na-musica","have-post-thumb"],"_links":{"self":[{"href":"https:\/\/radio94fm.net\/site\/wp-json\/wp\/v2\/posts\/23692","targetHints":{"allow":["GET"]}}],"collection":[{"href":"https:\/\/radio94fm.net\/site\/wp-json\/wp\/v2\/posts"}],"about":[{"href":"https:\/\/radio94fm.net\/site\/wp-json\/wp\/v2\/types\/post"}],"author":[{"embeddable":true,"href":"https:\/\/radio94fm.net\/site\/wp-json\/wp\/v2\/users\/1"}],"replies":[{"embeddable":true,"href":"https:\/\/radio94fm.net\/site\/wp-json\/wp\/v2\/comments?post=23692"}],"version-history":[{"count":0,"href":"https:\/\/radio94fm.net\/site\/wp-json\/wp\/v2\/posts\/23692\/revisions"}],"wp:featuredmedia":[{"embeddable":true,"href":"https:\/\/radio94fm.net\/site\/wp-json\/wp\/v2\/media\/23693"}],"wp:attachment":[{"href":"https:\/\/radio94fm.net\/site\/wp-json\/wp\/v2\/media?parent=23692"}],"wp:term":[{"taxonomy":"category","embeddable":true,"href":"https:\/\/radio94fm.net\/site\/wp-json\/wp\/v2\/categories?post=23692"},{"taxonomy":"post_tag","embeddable":true,"href":"https:\/\/radio94fm.net\/site\/wp-json\/wp\/v2\/tags?post=23692"}],"curies":[{"name":"wp","href":"https:\/\/api.w.org\/{rel}","templated":true}]}}