{"id":23634,"date":"2017-05-08T10:47:38","date_gmt":"2017-05-08T13:47:38","guid":{"rendered":"http:\/\/www.radio94fm.net\/site\/?p=23634"},"modified":"2017-05-08T10:47:38","modified_gmt":"2017-05-08T13:47:38","slug":"veja-o-novo-clipe-de-sandy-respirar","status":"publish","type":"post","link":"https:\/\/radio94fm.net\/site\/veja-o-novo-clipe-de-sandy-respirar\/","title":{"rendered":"Veja o novo clipe de Sandy, &#8220;Respirar&#8221;!"},"content":{"rendered":"<p><img loading=\"lazy\" decoding=\"async\" class=\"size-full wp-image-23635 alignleft\" src=\"https:\/\/www.radio94fm.net\/site\/wp-content\/uploads\/2017\/05\/120068w200.jpg\" alt=\"\" width=\"200\" height=\"198\" srcset=\"https:\/\/radio94fm.net\/site\/wp-content\/uploads\/2017\/05\/120068w200.jpg 200w, https:\/\/radio94fm.net\/site\/wp-content\/uploads\/2017\/05\/120068w200-150x150.jpg 150w\" sizes=\"auto, (max-width: 200px) 100vw, 200px\" \/><\/p>\n<p><span style=\"color: #000000;\">Sandy divulgou hoje o seu novo clipe, &#8220;Respirar&#8221;. A m\u00fasica faz parte do EP in\u00e9dito &#8220;Meu Canto&#8221;, disponibilizado hoje para os f\u00e3s nas principais plataformas digitais.<\/span><\/p>\n<p>&nbsp;<\/p>\n<p><span style=\"color: #000000;\">O novo trabalho da cantora traz as vers\u00f5es de est\u00fadio para as 5 faixas in\u00e9ditas do DVD &#8220;Meu Canto&#8221;, lan\u00e7ado no ano passado. &#8220;Eu sou suspeita, mas achei lindo&#8221;, disse Sandy em seu post no Facebook, anunciando o lan\u00e7amento.<\/span><\/p>\n<p>&nbsp;<\/p>\n<p><span style=\"color: #000000;\">Veja abaixo o clipe de &#8220;Respirar&#8221;:<\/span><\/p>\n<p>&nbsp;<\/p>\n<p><iframe loading=\"lazy\" width=\"560\" height=\"315\" src=\"https:\/\/www.youtube.com\/embed\/s1Kkl6jd9-Y\" frameborder=\"0\" allowfullscreen><\/iframe><\/p>\n","protected":false},"excerpt":{"rendered":"<p>Sandy divulgou hoje o seu novo clipe, &#8220;Respirar&#8221;. A m\u00fasica faz parte do EP in\u00e9dito &#8220;Meu Canto&#8221;, disponibilizado hoje para os f\u00e3s nas principais plataformas digitais. &nbsp; O novo trabalho da cantora traz as vers\u00f5es de est\u00fadio para as 5 faixas in\u00e9ditas do DVD &#8220;Meu Canto&#8221;, lan\u00e7ado no ano passado. &#8220;Eu sou suspeita, mas achei&#8230;<\/p>\n","protected":false},"author":1,"featured_media":23635,"comment_status":"open","ping_status":"open","sticky":false,"template":"","format":"standard","meta":{"ngg_post_thumbnail":0,"footnotes":""},"categories":[60],"tags":[],"class_list":["post-23634","post","type-post","status-publish","format-standard","has-post-thumbnail","hentry","category-na-musica","have-post-thumb"],"_links":{"self":[{"href":"https:\/\/radio94fm.net\/site\/wp-json\/wp\/v2\/posts\/23634","targetHints":{"allow":["GET"]}}],"collection":[{"href":"https:\/\/radio94fm.net\/site\/wp-json\/wp\/v2\/posts"}],"about":[{"href":"https:\/\/radio94fm.net\/site\/wp-json\/wp\/v2\/types\/post"}],"author":[{"embeddable":true,"href":"https:\/\/radio94fm.net\/site\/wp-json\/wp\/v2\/users\/1"}],"replies":[{"embeddable":true,"href":"https:\/\/radio94fm.net\/site\/wp-json\/wp\/v2\/comments?post=23634"}],"version-history":[{"count":0,"href":"https:\/\/radio94fm.net\/site\/wp-json\/wp\/v2\/posts\/23634\/revisions"}],"wp:featuredmedia":[{"embeddable":true,"href":"https:\/\/radio94fm.net\/site\/wp-json\/wp\/v2\/media\/23635"}],"wp:attachment":[{"href":"https:\/\/radio94fm.net\/site\/wp-json\/wp\/v2\/media?parent=23634"}],"wp:term":[{"taxonomy":"category","embeddable":true,"href":"https:\/\/radio94fm.net\/site\/wp-json\/wp\/v2\/categories?post=23634"},{"taxonomy":"post_tag","embeddable":true,"href":"https:\/\/radio94fm.net\/site\/wp-json\/wp\/v2\/tags?post=23634"}],"curies":[{"name":"wp","href":"https:\/\/api.w.org\/{rel}","templated":true}]}}