{"id":23612,"date":"2017-05-05T10:48:40","date_gmt":"2017-05-05T13:48:40","guid":{"rendered":"http:\/\/www.radio94fm.net\/site\/?p=23612"},"modified":"2017-05-05T10:48:40","modified_gmt":"2017-05-05T13:48:40","slug":"ummagumma-the-brazilian-pink-floyd-inicia-hoje-em-bh-serie-de-shows-especiais","status":"publish","type":"post","link":"https:\/\/radio94fm.net\/site\/ummagumma-the-brazilian-pink-floyd-inicia-hoje-em-bh-serie-de-shows-especiais\/","title":{"rendered":"Ummagumma The Brazilian Pink Floyd inicia hoje em BH s\u00e9rie de shows especiais"},"content":{"rendered":"<p><span style=\"color: #000000;\"><img loading=\"lazy\" decoding=\"async\" class=\" wp-image-23613 alignleft\" src=\"https:\/\/www.radio94fm.net\/site\/wp-content\/uploads\/2017\/05\/119956w550.jpg\" alt=\"\" width=\"422\" height=\"227\" srcset=\"https:\/\/radio94fm.net\/site\/wp-content\/uploads\/2017\/05\/119956w550.jpg 550w, https:\/\/radio94fm.net\/site\/wp-content\/uploads\/2017\/05\/119956w550-300x161.jpg 300w\" sizes=\"auto, (max-width: 422px) 100vw, 422px\" \/><\/span><\/p>\n<p><span style=\"color: #000000;\">O &#8220;Ummagumma The Brazilian Pink Floyd&#8221; d\u00e1 in\u00edcio hoje (5) a uma s\u00e9rie de tr\u00eas shows semanais feitos especialmente para os mineiros, paulistas e cariocas f\u00e3s da lend\u00e1ria banda progressiva inglesa.<\/span><\/p>\n<p>&nbsp;<\/p>\n<p><span style=\"color: #000000;\">Nesses concertos, o grupo promete prestar homenagem ao \u00e1lbum &#8220;Animals&#8221;, que celebra 40 anos em 2017 e mostrar o cl\u00e1ssico &#8220;The Dark Side Of The Moon&#8221; (1973) na \u00edntegra em um espet\u00e1culo que tem ainda muitos outros grandes momentos do venerado quarteto.<\/span><\/p>\n<p>&nbsp;<\/p>\n<p><span style=\"color: #000000;\">O show de hoje acontece em Belo Horizonte no BH Hall. Semana que vem, dia 13, eles tocam em S\u00e3o Paulo no Credicard Hall e no dia 19 ser\u00e1 a vez dos cariocas conferirem o concerto no Metropolitan<\/span><\/p>\n","protected":false},"excerpt":{"rendered":"<p>O &#8220;Ummagumma The Brazilian Pink Floyd&#8221; d\u00e1 in\u00edcio hoje (5) a uma s\u00e9rie de tr\u00eas shows semanais feitos especialmente para os mineiros, paulistas e cariocas f\u00e3s da lend\u00e1ria banda progressiva inglesa. &nbsp; Nesses concertos, o grupo promete prestar homenagem ao \u00e1lbum &#8220;Animals&#8221;, que celebra 40 anos em 2017 e mostrar o cl\u00e1ssico &#8220;The Dark Side&#8230;<\/p>\n","protected":false},"author":1,"featured_media":23613,"comment_status":"open","ping_status":"open","sticky":false,"template":"","format":"standard","meta":{"ngg_post_thumbnail":0,"footnotes":""},"categories":[60],"tags":[],"class_list":["post-23612","post","type-post","status-publish","format-standard","has-post-thumbnail","hentry","category-na-musica","have-post-thumb"],"_links":{"self":[{"href":"https:\/\/radio94fm.net\/site\/wp-json\/wp\/v2\/posts\/23612","targetHints":{"allow":["GET"]}}],"collection":[{"href":"https:\/\/radio94fm.net\/site\/wp-json\/wp\/v2\/posts"}],"about":[{"href":"https:\/\/radio94fm.net\/site\/wp-json\/wp\/v2\/types\/post"}],"author":[{"embeddable":true,"href":"https:\/\/radio94fm.net\/site\/wp-json\/wp\/v2\/users\/1"}],"replies":[{"embeddable":true,"href":"https:\/\/radio94fm.net\/site\/wp-json\/wp\/v2\/comments?post=23612"}],"version-history":[{"count":0,"href":"https:\/\/radio94fm.net\/site\/wp-json\/wp\/v2\/posts\/23612\/revisions"}],"wp:featuredmedia":[{"embeddable":true,"href":"https:\/\/radio94fm.net\/site\/wp-json\/wp\/v2\/media\/23613"}],"wp:attachment":[{"href":"https:\/\/radio94fm.net\/site\/wp-json\/wp\/v2\/media?parent=23612"}],"wp:term":[{"taxonomy":"category","embeddable":true,"href":"https:\/\/radio94fm.net\/site\/wp-json\/wp\/v2\/categories?post=23612"},{"taxonomy":"post_tag","embeddable":true,"href":"https:\/\/radio94fm.net\/site\/wp-json\/wp\/v2\/tags?post=23612"}],"curies":[{"name":"wp","href":"https:\/\/api.w.org\/{rel}","templated":true}]}}