{"id":22772,"date":"2017-03-06T09:22:46","date_gmt":"2017-03-06T12:22:46","guid":{"rendered":"http:\/\/www.radio94fm.net\/site\/?p=22772"},"modified":"2017-03-06T09:22:46","modified_gmt":"2017-03-06T12:22:46","slug":"demi-lovato-posa-decotada-para-selfie-e-ganha-elogios","status":"publish","type":"post","link":"https:\/\/radio94fm.net\/site\/demi-lovato-posa-decotada-para-selfie-e-ganha-elogios\/","title":{"rendered":"Demi Lovato posa decotada para selfie e ganha elogios"},"content":{"rendered":"<p><span style=\"color: #000000;\"><img loading=\"lazy\" decoding=\"async\" class=\"size-full wp-image-22773 alignleft\" src=\"https:\/\/www.radio94fm.net\/site\/wp-content\/uploads\/2017\/03\/demi.jpg\" alt=\"\" height=\"360\" width=\"288\" srcset=\"https:\/\/radio94fm.net\/site\/wp-content\/uploads\/2017\/03\/demi.jpg 288w, https:\/\/radio94fm.net\/site\/wp-content\/uploads\/2017\/03\/demi-240x300.jpg 240w\" sizes=\"auto, (max-width: 288px) 100vw, 288px\" \/><\/span><\/p>\n<p><span style=\"color: #000000;\">Demi Lovato posou decotada para selfie e ganhou elogios de seus seguidores no Instagram. A cantora aparece sensualizando em foto postada na noite deste domingo, 5, em seu perfil na rede social. Os f\u00e3s chamaram Demi de \u201cgostosa\u201d, \u201crainha\u201d, \u201cdeusa\u201d, \u201cdivina\u201d, \u201clinda\u201d, \u201cpoderosa\u201d e \u201cmaravilhosa\u201d.<\/span><\/p>\n<p>&nbsp;<\/p>\n<p><span style=\"color: #000000;\">Demi estava entre os famosos que estiveram no pr\u00eamio de m\u00fasica \u201ciHeartRadio Music Awards\u201d. Katy Parry tamb\u00e9m foi \u00e0 cerim\u00f4nia realizada na cidade de Inglewood, na Calif\u00f3rnia, nos Estados Unidos.<\/span><\/p>\n","protected":false},"excerpt":{"rendered":"<p>Demi Lovato posou decotada para selfie e ganhou elogios de seus seguidores no Instagram. A cantora aparece sensualizando em foto postada na noite deste domingo, 5, em seu perfil na rede social. Os f\u00e3s chamaram Demi de \u201cgostosa\u201d, \u201crainha\u201d, \u201cdeusa\u201d, \u201cdivina\u201d, \u201clinda\u201d, \u201cpoderosa\u201d e \u201cmaravilhosa\u201d. &nbsp; Demi estava entre os famosos que estiveram no pr\u00eamio&#8230;<\/p>\n","protected":false},"author":1,"featured_media":22773,"comment_status":"open","ping_status":"open","sticky":false,"template":"","format":"standard","meta":{"ngg_post_thumbnail":0,"footnotes":""},"categories":[60],"tags":[],"class_list":["post-22772","post","type-post","status-publish","format-standard","has-post-thumbnail","hentry","category-na-musica","have-post-thumb"],"_links":{"self":[{"href":"https:\/\/radio94fm.net\/site\/wp-json\/wp\/v2\/posts\/22772","targetHints":{"allow":["GET"]}}],"collection":[{"href":"https:\/\/radio94fm.net\/site\/wp-json\/wp\/v2\/posts"}],"about":[{"href":"https:\/\/radio94fm.net\/site\/wp-json\/wp\/v2\/types\/post"}],"author":[{"embeddable":true,"href":"https:\/\/radio94fm.net\/site\/wp-json\/wp\/v2\/users\/1"}],"replies":[{"embeddable":true,"href":"https:\/\/radio94fm.net\/site\/wp-json\/wp\/v2\/comments?post=22772"}],"version-history":[{"count":0,"href":"https:\/\/radio94fm.net\/site\/wp-json\/wp\/v2\/posts\/22772\/revisions"}],"wp:featuredmedia":[{"embeddable":true,"href":"https:\/\/radio94fm.net\/site\/wp-json\/wp\/v2\/media\/22773"}],"wp:attachment":[{"href":"https:\/\/radio94fm.net\/site\/wp-json\/wp\/v2\/media?parent=22772"}],"wp:term":[{"taxonomy":"category","embeddable":true,"href":"https:\/\/radio94fm.net\/site\/wp-json\/wp\/v2\/categories?post=22772"},{"taxonomy":"post_tag","embeddable":true,"href":"https:\/\/radio94fm.net\/site\/wp-json\/wp\/v2\/tags?post=22772"}],"curies":[{"name":"wp","href":"https:\/\/api.w.org\/{rel}","templated":true}]}}