{"id":22539,"date":"2017-02-03T08:14:02","date_gmt":"2017-02-03T11:14:02","guid":{"rendered":"http:\/\/www.radio94fm.net\/site\/?p=22539"},"modified":"2017-02-03T08:14:02","modified_gmt":"2017-02-03T11:14:02","slug":"foto-de-gravidez-de-beyonce-bate-recorde-de-curtidas-no-instagram","status":"publish","type":"post","link":"https:\/\/radio94fm.net\/site\/foto-de-gravidez-de-beyonce-bate-recorde-de-curtidas-no-instagram\/","title":{"rendered":"Foto de gravidez de Beyonc\u00e9 bate recorde de curtidas no Instagram"},"content":{"rendered":"<p><span style=\"color: #000000;\"><img loading=\"lazy\" decoding=\"async\" class=\"size-full wp-image-22540 alignleft\" src=\"https:\/\/www.radio94fm.net\/site\/wp-content\/uploads\/2017\/02\/119213w240.jpg\" alt=\"\" width=\"240\" height=\"299\">A foto ao lado, escolhida por Beyonc\u00e9 para divulgar ao mundo que estava novamente gr\u00e1vida, bateu o recorde de curtidas no Instagram.<\/span><\/p>\n<p>&nbsp;<\/p>\n<p><span style=\"color: #000000;\">At\u00e9 o momento, mais de 7.5 milh\u00f5es de pessoas deram like na imagem, suplantando, com folga, o marco anterior que era de Selena Gomez em uma foto que teve 6.3 milh\u00f5es de admiradores quando foi publicada em junho de 2016.<\/span><\/p>\n<p>&nbsp;<\/p>\n<p><span style=\"color: #000000;\">Beyonc\u00e9 e seu marido Jay Z est\u00e3o esperando g\u00eameos. Os dois beb\u00eas far\u00e3o companhia para Blue Ivy, a primeira filha do casal, que completou 5 anos no dia 7 de m\u00eas passado.<\/span><\/p>\n<p>&nbsp;<\/p>\n<p><span style=\"color: #000000;\">Fique ligado na esta\u00e7\u00e3o dedicada ao R&amp;B do vagalume.FM para escutar os grandes momentos da carreira de Beyonc\u00e9!<\/span><\/p>\n<p>&nbsp;<\/p>\n\n","protected":false},"excerpt":{"rendered":"<p>A foto ao lado, escolhida por Beyonc\u00e9 para divulgar ao mundo que estava novamente gr\u00e1vida, bateu o recorde de curtidas no Instagram. &nbsp; At\u00e9 o momento, mais de 7.5 milh\u00f5es de pessoas deram like na imagem, suplantando, com folga, o marco anterior que era de Selena Gomez em uma foto que teve 6.3 milh\u00f5es de&#8230;<\/p>\n","protected":false},"author":1,"featured_media":22540,"comment_status":"open","ping_status":"open","sticky":false,"template":"","format":"standard","meta":{"ngg_post_thumbnail":0,"footnotes":""},"categories":[60],"tags":[],"class_list":["post-22539","post","type-post","status-publish","format-standard","has-post-thumbnail","hentry","category-na-musica","have-post-thumb"],"_links":{"self":[{"href":"https:\/\/radio94fm.net\/site\/wp-json\/wp\/v2\/posts\/22539","targetHints":{"allow":["GET"]}}],"collection":[{"href":"https:\/\/radio94fm.net\/site\/wp-json\/wp\/v2\/posts"}],"about":[{"href":"https:\/\/radio94fm.net\/site\/wp-json\/wp\/v2\/types\/post"}],"author":[{"embeddable":true,"href":"https:\/\/radio94fm.net\/site\/wp-json\/wp\/v2\/users\/1"}],"replies":[{"embeddable":true,"href":"https:\/\/radio94fm.net\/site\/wp-json\/wp\/v2\/comments?post=22539"}],"version-history":[{"count":0,"href":"https:\/\/radio94fm.net\/site\/wp-json\/wp\/v2\/posts\/22539\/revisions"}],"wp:featuredmedia":[{"embeddable":true,"href":"https:\/\/radio94fm.net\/site\/wp-json\/wp\/v2\/media\/22540"}],"wp:attachment":[{"href":"https:\/\/radio94fm.net\/site\/wp-json\/wp\/v2\/media?parent=22539"}],"wp:term":[{"taxonomy":"category","embeddable":true,"href":"https:\/\/radio94fm.net\/site\/wp-json\/wp\/v2\/categories?post=22539"},{"taxonomy":"post_tag","embeddable":true,"href":"https:\/\/radio94fm.net\/site\/wp-json\/wp\/v2\/tags?post=22539"}],"curies":[{"name":"wp","href":"https:\/\/api.w.org\/{rel}","templated":true}]}}