{"id":22489,"date":"2017-02-01T08:26:24","date_gmt":"2017-02-01T11:26:24","guid":{"rendered":"http:\/\/www.radio94fm.net\/site\/?p=22489"},"modified":"2017-02-01T08:26:24","modified_gmt":"2017-02-01T11:26:24","slug":"bruno-mars-fala-sobre-discriminacao-racial-para-a-revista-latina","status":"publish","type":"post","link":"https:\/\/radio94fm.net\/site\/bruno-mars-fala-sobre-discriminacao-racial-para-a-revista-latina\/","title":{"rendered":"Bruno Mars fala sobre discrimina\u00e7\u00e3o racial para a revista &#8220;Latina&#8221;"},"content":{"rendered":"<p><span style=\"color: #000000;\"><img loading=\"lazy\" decoding=\"async\" class=\"size-full wp-image-22490 alignleft\" src=\"https:\/\/www.radio94fm.net\/site\/wp-content\/uploads\/2017\/02\/119192w250.jpg\" alt=\"\" width=\"250\" height=\"313\" srcset=\"https:\/\/radio94fm.net\/site\/wp-content\/uploads\/2017\/02\/119192w250.jpg 250w, https:\/\/radio94fm.net\/site\/wp-content\/uploads\/2017\/02\/119192w250-240x300.jpg 240w\" sizes=\"auto, (max-width: 250px) 100vw, 250px\" \/><\/span><\/p>\n<p><span style=\"color: #000000;\">Bruno Mars \u00e9 capa da nova edi\u00e7\u00e3o da revista Latina e concedeu uma entrevista falando sobre discrimina\u00e7\u00e3o racial e a perda da m\u00e3e.<\/span><\/p>\n<p>&nbsp;<\/p>\n<p><span style=\"color: #000000;\">Durante o bate-papo, o cantor aproveitou para esclarecer rumores de que ele nega sua descend\u00eancia porto-riquenha. &#8220;Eu nunca disse que mudei o meu sobrenome para esconder o fato de que sou de Porto Rico. Por que eu diria algo assim? Quem voc\u00eas querem enganar? Por que algu\u00e9m diria isso? Isso \u00e9 um insulto para mim e minha fam\u00edlia. O nome do meu pai \u00e9 Pedrito Hernandez, ele \u00e9 porto-riquenho. N\u00e3o tem como negar isso&#8221;, disse.<\/span><\/p>\n<p>&nbsp;<\/p>\n<p><span style=\"color: #000000;\">O m\u00fasico ainda continuou, &#8220;Meu pai me apelidou de Bruno quando eu tinha 2 anos. A hist\u00f3ria verdadeira \u00e9 que eu iria ser lan\u00e7ado como Bruno, um \u00fanico nome. O Mars \u00e9 uma brincadeira sobre algo que soa maior que a vida. Simples assim&#8221;.<\/span><\/p>\n<p>&nbsp;<\/p>\n<p><span style=\"color: #000000;\">Mars tamb\u00e9m comentou sobre as discrimina\u00e7\u00f5es que est\u00e3o rolando atualmente nos EUA. &#8220;Odeio que estamos tendo a mesma conversa sobre a injusti\u00e7a nos EUA. Estamos tendo essa conversa em 2017 sobre algo que \u00e9 falado h\u00e1 v\u00e1rias d\u00e9cadas&#8221;.<\/span><\/p>\n<p>&nbsp;<\/p>\n<p><span style=\"color: #000000;\">O artista ainda falou sobre a &#8216;black music&#8217;. &#8220;Quando voc\u00ea fala m\u00fasica negra, eu entendo que estamos falando de rock, jazz, R&amp;B, reggae, funk, doo-wop, hip hop e Motown. Os negros criaram tudo isso. Sendo de Porto Rico, at\u00e9 a salsa tem sua raiz na Terra M\u00e3e [\u00c1frica]. Ent\u00e3o, no meu mundo, m\u00fasica negra quer dizer tudo&#8221;, afirmou. O dono do sucesso &#8220;24k Magic&#8221; declarou que mescla v\u00e1rios ritmos em suas can\u00e7\u00f5es por influ\u00eancias destes g\u00eaneros.<\/span><\/p>\n<p>&nbsp;<\/p>\n<p><span style=\"color: #000000;\">Na entrevista, Bruno Mars tamb\u00e9m falou sobre sua m\u00e3e, falecida em 2013. &#8220;Minha vida mudou. Ela \u00e9 muito mais do que minha m\u00fasica. Se eu pudesse trocar minha m\u00fasica para t\u00ea-la de volta, eu trocaria. Eu sempre a ouvia falar &#8216;continue, continue'&#8221;, disse.<\/span><\/p>\n<p>&nbsp;<\/p>\n<p><span style=\"color: #000000;\">Confira o ensaio fotogr\u00e1fico de Bruno Mars para a &#8220;Latina&#8221;:<\/span><\/p>\n<p>&nbsp;<\/p>\n\n","protected":false},"excerpt":{"rendered":"<p>Bruno Mars \u00e9 capa da nova edi\u00e7\u00e3o da revista Latina e concedeu uma entrevista falando sobre discrimina\u00e7\u00e3o racial e a perda da m\u00e3e. &nbsp; Durante o bate-papo, o cantor aproveitou para esclarecer rumores de que ele nega sua descend\u00eancia porto-riquenha. &#8220;Eu nunca disse que mudei o meu sobrenome para esconder o fato de que sou&#8230;<\/p>\n","protected":false},"author":1,"featured_media":22490,"comment_status":"open","ping_status":"open","sticky":false,"template":"","format":"standard","meta":{"ngg_post_thumbnail":0,"footnotes":""},"categories":[60],"tags":[],"class_list":["post-22489","post","type-post","status-publish","format-standard","has-post-thumbnail","hentry","category-na-musica","have-post-thumb"],"_links":{"self":[{"href":"https:\/\/radio94fm.net\/site\/wp-json\/wp\/v2\/posts\/22489","targetHints":{"allow":["GET"]}}],"collection":[{"href":"https:\/\/radio94fm.net\/site\/wp-json\/wp\/v2\/posts"}],"about":[{"href":"https:\/\/radio94fm.net\/site\/wp-json\/wp\/v2\/types\/post"}],"author":[{"embeddable":true,"href":"https:\/\/radio94fm.net\/site\/wp-json\/wp\/v2\/users\/1"}],"replies":[{"embeddable":true,"href":"https:\/\/radio94fm.net\/site\/wp-json\/wp\/v2\/comments?post=22489"}],"version-history":[{"count":0,"href":"https:\/\/radio94fm.net\/site\/wp-json\/wp\/v2\/posts\/22489\/revisions"}],"wp:featuredmedia":[{"embeddable":true,"href":"https:\/\/radio94fm.net\/site\/wp-json\/wp\/v2\/media\/22490"}],"wp:attachment":[{"href":"https:\/\/radio94fm.net\/site\/wp-json\/wp\/v2\/media?parent=22489"}],"wp:term":[{"taxonomy":"category","embeddable":true,"href":"https:\/\/radio94fm.net\/site\/wp-json\/wp\/v2\/categories?post=22489"},{"taxonomy":"post_tag","embeddable":true,"href":"https:\/\/radio94fm.net\/site\/wp-json\/wp\/v2\/tags?post=22489"}],"curies":[{"name":"wp","href":"https:\/\/api.w.org\/{rel}","templated":true}]}}