{"id":22160,"date":"2016-12-05T08:25:44","date_gmt":"2016-12-05T11:25:44","guid":{"rendered":"http:\/\/www.radio94fm.net\/site\/?p=22160"},"modified":"2016-12-05T08:25:44","modified_gmt":"2016-12-05T11:25:44","slug":"rihanna-na-festa-de-independencia-de-barbados-com-principe-harry-e-mais-nas-imagens-da-semana","status":"publish","type":"post","link":"https:\/\/radio94fm.net\/site\/rihanna-na-festa-de-independencia-de-barbados-com-principe-harry-e-mais-nas-imagens-da-semana\/","title":{"rendered":"Rihanna na festa de independ\u00eancia de Barbados com Pr\u00edncipe Harry e mais nas Imagens da Semana"},"content":{"rendered":"<h4><span style=\"color: #000000;\">A cantora Rihanna e o pr\u00edncipe Harry celebraram os 50 anos da independ\u00eancia de Barbados. A estrela pop nasceu no pa\u00eds, que era uma antiga col\u00f4nia inglesa, por isso contou com a presen\u00e7a da realeza brit\u00e2nica no evento.<\/span><\/h4>\n<p>&nbsp;<\/p>\n<h4><span style=\"color: #000000;\">A comemora\u00e7\u00e3o aconteceu na capital Bridgetown e cerca de 20 mil pessoas compareceram \u00e0 cerim\u00f4nia.<\/span><\/h4>\n<p>&nbsp;<\/p>\n<h4><span style=\"color: #000000;\">Veja tamb\u00e9m Katy Perry no evento beneficente da Unicef, Ariana Grande nos bastidores do musical &#8220;Hairspary Live!&#8221; e muito mais:<\/span><\/h4>\n<p>&nbsp;<\/p>\n<p>&nbsp;<\/p>\n\n<p>Fonte: <em>www.vagalume.com.br<\/em><\/p>\n","protected":false},"excerpt":{"rendered":"<p>A cantora Rihanna e o pr\u00edncipe Harry celebraram os 50 anos da independ\u00eancia de Barbados. A estrela pop nasceu no pa\u00eds, que era uma antiga col\u00f4nia inglesa, por isso contou com a presen\u00e7a da realeza brit\u00e2nica no evento. &nbsp; A comemora\u00e7\u00e3o aconteceu na capital Bridgetown e cerca de 20 mil pessoas compareceram \u00e0 cerim\u00f4nia. &nbsp;&#8230;<\/p>\n","protected":false},"author":1,"featured_media":0,"comment_status":"open","ping_status":"open","sticky":false,"template":"","format":"standard","meta":{"ngg_post_thumbnail":0,"footnotes":""},"categories":[60],"tags":[],"class_list":["post-22160","post","type-post","status-publish","format-standard","hentry","category-na-musica"],"_links":{"self":[{"href":"https:\/\/radio94fm.net\/site\/wp-json\/wp\/v2\/posts\/22160","targetHints":{"allow":["GET"]}}],"collection":[{"href":"https:\/\/radio94fm.net\/site\/wp-json\/wp\/v2\/posts"}],"about":[{"href":"https:\/\/radio94fm.net\/site\/wp-json\/wp\/v2\/types\/post"}],"author":[{"embeddable":true,"href":"https:\/\/radio94fm.net\/site\/wp-json\/wp\/v2\/users\/1"}],"replies":[{"embeddable":true,"href":"https:\/\/radio94fm.net\/site\/wp-json\/wp\/v2\/comments?post=22160"}],"version-history":[{"count":0,"href":"https:\/\/radio94fm.net\/site\/wp-json\/wp\/v2\/posts\/22160\/revisions"}],"wp:attachment":[{"href":"https:\/\/radio94fm.net\/site\/wp-json\/wp\/v2\/media?parent=22160"}],"wp:term":[{"taxonomy":"category","embeddable":true,"href":"https:\/\/radio94fm.net\/site\/wp-json\/wp\/v2\/categories?post=22160"},{"taxonomy":"post_tag","embeddable":true,"href":"https:\/\/radio94fm.net\/site\/wp-json\/wp\/v2\/tags?post=22160"}],"curies":[{"name":"wp","href":"https:\/\/api.w.org\/{rel}","templated":true}]}}