{"id":22060,"date":"2016-10-03T09:20:22","date_gmt":"2016-10-03T12:20:22","guid":{"rendered":"http:\/\/www.radio94fm.net\/site\/?p=22060"},"modified":"2016-10-03T09:20:22","modified_gmt":"2016-10-03T12:20:22","slug":"nick-jonas-e-the-rock-nas-filmagens-do-novo-jumanji-e-mais-nas-imagens-da-semana","status":"publish","type":"post","link":"https:\/\/radio94fm.net\/site\/nick-jonas-e-the-rock-nas-filmagens-do-novo-jumanji-e-mais-nas-imagens-da-semana\/","title":{"rendered":"Nick Jonas e The Rock nas filmagens do novo &#8220;Jumanji&#8221; e mais nas Imagens da Semana"},"content":{"rendered":"<p><span style=\"color: #000000;\"><img loading=\"lazy\" decoding=\"async\" class=\" wp-image-22061 alignleft\" src=\"https:\/\/www.radio94fm.net\/site\/wp-content\/uploads\/2016\/10\/118070.jpg\" alt=\"118070\" width=\"454\" height=\"451\" \/><\/span><\/p>\n<p><span style=\"color: #000000;\">Nick Jonas estrelar\u00e1 a sequ\u00eancia de &#8220;Jumanji&#8221;, um dos cl\u00e1ssicos do cinema americano, ao lado de alguns dos maiores comediantes atuais, como Jack Black, Kevin Hart e Dwayne &#8220;The Rock&#8221; Johnson, com quem o cantor publicou uma foto nesta semana.<\/span><\/p>\n<p>&nbsp;<\/p>\n<p><span style=\"color: #000000;\">Ambos \u00e0 car\u00e1ter, os atores aparecem no set de filmagens do longa-metragem, que est\u00e1 sendo gravado no Hava\u00ed.<\/span><\/p>\n<p>&nbsp;<\/p>\n<p><span style=\"color: #000000;\">Ainda nesta semana, veja Beyonc\u00e9 em novas fotos para a cole\u00e7\u00e3o de roupas esportivas Ivy Park, Harry Styles no recheio da revista AnOther Man e muito mais!<\/span><\/p>\n","protected":false},"excerpt":{"rendered":"<p>Nick Jonas estrelar\u00e1 a sequ\u00eancia de &#8220;Jumanji&#8221;, um dos cl\u00e1ssicos do cinema americano, ao lado de alguns dos maiores comediantes atuais, como Jack Black, Kevin Hart e Dwayne &#8220;The Rock&#8221; Johnson, com quem o cantor publicou uma foto nesta semana. &nbsp; Ambos \u00e0 car\u00e1ter, os atores aparecem no set de filmagens do longa-metragem, que est\u00e1&#8230;<\/p>\n","protected":false},"author":1,"featured_media":22063,"comment_status":"open","ping_status":"open","sticky":false,"template":"","format":"standard","meta":{"ngg_post_thumbnail":0,"footnotes":""},"categories":[60],"tags":[],"class_list":["post-22060","post","type-post","status-publish","format-standard","has-post-thumbnail","hentry","category-na-musica","have-post-thumb"],"_links":{"self":[{"href":"https:\/\/radio94fm.net\/site\/wp-json\/wp\/v2\/posts\/22060","targetHints":{"allow":["GET"]}}],"collection":[{"href":"https:\/\/radio94fm.net\/site\/wp-json\/wp\/v2\/posts"}],"about":[{"href":"https:\/\/radio94fm.net\/site\/wp-json\/wp\/v2\/types\/post"}],"author":[{"embeddable":true,"href":"https:\/\/radio94fm.net\/site\/wp-json\/wp\/v2\/users\/1"}],"replies":[{"embeddable":true,"href":"https:\/\/radio94fm.net\/site\/wp-json\/wp\/v2\/comments?post=22060"}],"version-history":[{"count":0,"href":"https:\/\/radio94fm.net\/site\/wp-json\/wp\/v2\/posts\/22060\/revisions"}],"wp:featuredmedia":[{"embeddable":true,"href":"https:\/\/radio94fm.net\/site\/wp-json\/wp\/v2\/media\/22063"}],"wp:attachment":[{"href":"https:\/\/radio94fm.net\/site\/wp-json\/wp\/v2\/media?parent=22060"}],"wp:term":[{"taxonomy":"category","embeddable":true,"href":"https:\/\/radio94fm.net\/site\/wp-json\/wp\/v2\/categories?post=22060"},{"taxonomy":"post_tag","embeddable":true,"href":"https:\/\/radio94fm.net\/site\/wp-json\/wp\/v2\/tags?post=22060"}],"curies":[{"name":"wp","href":"https:\/\/api.w.org\/{rel}","templated":true}]}}