{"id":22057,"date":"2016-09-30T09:00:44","date_gmt":"2016-09-30T12:00:44","guid":{"rendered":"http:\/\/www.radio94fm.net\/site\/?p=22057"},"modified":"2016-09-30T09:00:44","modified_gmt":"2016-09-30T12:00:44","slug":"luan-santana-se-revolta-e-anuncia-boicote-a-programas-da-record","status":"publish","type":"post","link":"https:\/\/radio94fm.net\/site\/luan-santana-se-revolta-e-anuncia-boicote-a-programas-da-record\/","title":{"rendered":"Luan Santana se revolta e anuncia boicote \u00e0 programas da Record"},"content":{"rendered":"<p><span style=\"color: #000000;\"><img loading=\"lazy\" decoding=\"async\" class=\"wp-image-22058 alignleft\" src=\"https:\/\/www.radio94fm.net\/site\/wp-content\/uploads\/2016\/09\/naom_57a2071b66fe5.jpg\" alt=\"naom_57a2071b66fe5\" width=\"646\" height=\"277\" srcset=\"https:\/\/radio94fm.net\/site\/wp-content\/uploads\/2016\/09\/naom_57a2071b66fe5.jpg 1370w, https:\/\/radio94fm.net\/site\/wp-content\/uploads\/2016\/09\/naom_57a2071b66fe5-300x129.jpg 300w, https:\/\/radio94fm.net\/site\/wp-content\/uploads\/2016\/09\/naom_57a2071b66fe5-1024x439.jpg 1024w, https:\/\/radio94fm.net\/site\/wp-content\/uploads\/2016\/09\/naom_57a2071b66fe5-768x329.jpg 768w\" sizes=\"auto, (max-width: 646px) 100vw, 646px\" \/><\/span><\/p>\n<p><span style=\"color: #000000;\">Ap\u00f3s ser alvo de v\u00e1rios processos de artistas (um dos \u00faltimos foi da atriz Larissa Manoela, em que a decis\u00e3o a proibiu de citar o seu nome), a jornalista Fab\u00edola Reipert, do &#8216;Balan\u00e7o Geral&#8217;, da Record, agora entrou em uma briga com Luan Santana.<\/span><\/p>\n<p>&nbsp;<\/p>\n<p><span style=\"color: #000000;\">Ap\u00f3s a jornalista ser acusada de ser mentirosa e n\u00e3o checar as suas fontes por Mara Maravilha ao vivo no \u201cFofocando\u201d, do SBT, o sertanejo tamb\u00e9m decidiu botar a boca no trombone e boicotar todos os programas da emissora dos bispos.<\/span><\/p>\n<p>&nbsp;<\/p>\n<p><span style=\"color: #000000;\">A equipe de Luan decidiu enviar um comunicado \u00e0 Record: \u201cA partir de hoje, nosso artista n\u00e3o faz mais programas de televis\u00e3o da Rede Record, at\u00e9 que a\u00ed, nessa empresa que tanto respeitamos, a dignidade venha antes da audi\u00eancia\u201d.<\/span><\/p>\n<p>&nbsp;<\/p>\n<p><span style=\"color: #000000;\">O texto afima ainda que representantes de Luan j\u00e1 haviam feito um acordo com a alta c\u00fapula do canal para tratar sobre a jornalista: \u201cFicou acordado que Fab\u00edola Reipert passaria a exercer o papel que cabe a todo bom e \u00e9tico jornalista, que \u00e9 o de apurar toda e qualquer informa\u00e7\u00e3o relacionada ao nosso artista, para que assim parasse de espalhar MENTIRAS a respeito de Luan Santana.\u201d<\/span><\/p>\n<p>&nbsp;<\/p>\n<p><span style=\"color: #000000;\">O comunicado tamb\u00e9m deixa claro que o ideal seria, na verdade, que a jornalista parasse de mencionar o cantor em seu quadro na TV e em seu blog, pois, segundo eles: \u201cDe todo o conte\u00fado do blog dessa mo\u00e7a, grande parte \u00e9 mentira (sobre qualquer pessoa p\u00fablica) e, portanto, d\u00e1 audi\u00eancia, outros sites replicam, e o p\u00fablico, infelizmente, absorve como verdade. O que estamos dizendo n\u00e3o \u00e9 nada novo e todos os empres\u00e1rios de artistas sofrem com esse tipo de inverdade, mas, por algum motivo, a colunista em quest\u00e3o continua l\u00e1 e ningu\u00e9m faz nada.\u201d<\/span><\/p>\n<p>&nbsp;<\/p>\n<p><span style=\"color: #000000;\">As palavras extremamente duras dos representantes de Luan devem fazer algum tipo de impacto sobre a fofoqueira, uma vez que ele \u00e9 um grande nome da m\u00fasica nacional e tem uma legi\u00e3o de milhares de f\u00e3s.<\/span><\/p>\n<p>&nbsp;<\/p>\n<p><span style=\"color: #000000;\">Vale dizer que o blog de Fab\u00edola publicou nessa quinta, 29, falando sobre a viagem que Luan fez com amigos, entre eles seu ex-personal trainer, Gut\u00e3o, para os Estados Unidos.<\/span><\/p>\n","protected":false},"excerpt":{"rendered":"<p>Ap\u00f3s ser alvo de v\u00e1rios processos de artistas (um dos \u00faltimos foi da atriz Larissa Manoela, em que a decis\u00e3o a proibiu de citar o seu nome), a jornalista Fab\u00edola Reipert, do &#8216;Balan\u00e7o Geral&#8217;, da Record, agora entrou em uma briga com Luan Santana. &nbsp; Ap\u00f3s a jornalista ser acusada de ser mentirosa e n\u00e3o&#8230;<\/p>\n","protected":false},"author":1,"featured_media":22058,"comment_status":"open","ping_status":"open","sticky":false,"template":"","format":"standard","meta":{"ngg_post_thumbnail":0,"footnotes":""},"categories":[60],"tags":[],"class_list":["post-22057","post","type-post","status-publish","format-standard","has-post-thumbnail","hentry","category-na-musica","have-post-thumb"],"_links":{"self":[{"href":"https:\/\/radio94fm.net\/site\/wp-json\/wp\/v2\/posts\/22057","targetHints":{"allow":["GET"]}}],"collection":[{"href":"https:\/\/radio94fm.net\/site\/wp-json\/wp\/v2\/posts"}],"about":[{"href":"https:\/\/radio94fm.net\/site\/wp-json\/wp\/v2\/types\/post"}],"author":[{"embeddable":true,"href":"https:\/\/radio94fm.net\/site\/wp-json\/wp\/v2\/users\/1"}],"replies":[{"embeddable":true,"href":"https:\/\/radio94fm.net\/site\/wp-json\/wp\/v2\/comments?post=22057"}],"version-history":[{"count":0,"href":"https:\/\/radio94fm.net\/site\/wp-json\/wp\/v2\/posts\/22057\/revisions"}],"wp:featuredmedia":[{"embeddable":true,"href":"https:\/\/radio94fm.net\/site\/wp-json\/wp\/v2\/media\/22058"}],"wp:attachment":[{"href":"https:\/\/radio94fm.net\/site\/wp-json\/wp\/v2\/media?parent=22057"}],"wp:term":[{"taxonomy":"category","embeddable":true,"href":"https:\/\/radio94fm.net\/site\/wp-json\/wp\/v2\/categories?post=22057"},{"taxonomy":"post_tag","embeddable":true,"href":"https:\/\/radio94fm.net\/site\/wp-json\/wp\/v2\/tags?post=22057"}],"curies":[{"name":"wp","href":"https:\/\/api.w.org\/{rel}","templated":true}]}}