{"id":21990,"date":"2016-09-15T09:17:49","date_gmt":"2016-09-15T12:17:49","guid":{"rendered":"http:\/\/www.radio94fm.net\/site\/?p=21990"},"modified":"2016-09-15T09:17:49","modified_gmt":"2016-09-15T12:17:49","slug":"neymar-jr-canta-e-toca-piano-em-faixa-inedita-yo-necesito-confira","status":"publish","type":"post","link":"https:\/\/radio94fm.net\/site\/neymar-jr-canta-e-toca-piano-em-faixa-inedita-yo-necesito-confira\/","title":{"rendered":"Neymar Jr. canta e toca piano em faixa in\u00e9dita, &#8220;Yo Necesito&#8221;. Confira!"},"content":{"rendered":"<p><span style=\"color: #000000;\"><img loading=\"lazy\" decoding=\"async\" class=\" wp-image-21991 alignleft\" src=\"https:\/\/www.radio94fm.net\/site\/wp-content\/uploads\/2016\/09\/117844.jpg\" alt=\"117844\" width=\"484\" height=\"259\" srcset=\"https:\/\/radio94fm.net\/site\/wp-content\/uploads\/2016\/09\/117844.jpg 559w, https:\/\/radio94fm.net\/site\/wp-content\/uploads\/2016\/09\/117844-300x160.jpg 300w\" sizes=\"auto, (max-width: 484px) 100vw, 484px\" \/><\/span><\/p>\n<p><span style=\"color: #000000;\">Neymar Jr. publicou um v\u00eddeo em suas redes sociais na manh\u00e3 desta quarta-feira (14) para a alegria de seus f\u00e3s e seguidores.<\/span><\/p>\n<p>&nbsp;<\/p>\n<p><span style=\"color: #000000;\">O jogador de futebol, que teve in\u00edcio no Santos F.C., anuncia que em breve estar\u00e1 iniciando a carreira musical, e que tocar\u00e1 uma amostra do que o p\u00fablico ouvir\u00e1 em um futuro pr\u00f3ximo.<\/span><\/p>\n<p>&nbsp;<\/p>\n<p><span style=\"color: #000000;\">Ao piano, o brasileiro come\u00e7a a cantar versos em espanhol de uma m\u00fasica in\u00e9dita, &#8220;Yo Necesito&#8221;, e arranca risadas do amigo com frases j\u00e1 populares do vocabul\u00e1rio do atleta, como &#8220;ousadia e alegria&#8221; e &#8220;\u00e9 tois&#8221;.<\/span><\/p>\n<p>&nbsp;<\/p>\n<p><span style=\"color: #000000;\">Confira o divertido v\u00eddeo a seguir:<\/span><\/p>\n<p>&nbsp;<\/p>\n<p><iframe loading=\"lazy\" src=\"https:\/\/www.youtube.com\/embed\/Ywgk8YRsFe4\" width=\"570\" height=\"315\" frameborder=\"0\" allowfullscreen=\"allowfullscreen\"><\/iframe><\/p>\n","protected":false},"excerpt":{"rendered":"<p>Neymar Jr. publicou um v\u00eddeo em suas redes sociais na manh\u00e3 desta quarta-feira (14) para a alegria de seus f\u00e3s e seguidores. &nbsp; O jogador de futebol, que teve in\u00edcio no Santos F.C., anuncia que em breve estar\u00e1 iniciando a carreira musical, e que tocar\u00e1 uma amostra do que o p\u00fablico ouvir\u00e1 em um futuro&#8230;<\/p>\n","protected":false},"author":1,"featured_media":21991,"comment_status":"open","ping_status":"open","sticky":false,"template":"","format":"standard","meta":{"ngg_post_thumbnail":0,"footnotes":""},"categories":[60],"tags":[],"class_list":["post-21990","post","type-post","status-publish","format-standard","has-post-thumbnail","hentry","category-na-musica","have-post-thumb"],"_links":{"self":[{"href":"https:\/\/radio94fm.net\/site\/wp-json\/wp\/v2\/posts\/21990","targetHints":{"allow":["GET"]}}],"collection":[{"href":"https:\/\/radio94fm.net\/site\/wp-json\/wp\/v2\/posts"}],"about":[{"href":"https:\/\/radio94fm.net\/site\/wp-json\/wp\/v2\/types\/post"}],"author":[{"embeddable":true,"href":"https:\/\/radio94fm.net\/site\/wp-json\/wp\/v2\/users\/1"}],"replies":[{"embeddable":true,"href":"https:\/\/radio94fm.net\/site\/wp-json\/wp\/v2\/comments?post=21990"}],"version-history":[{"count":0,"href":"https:\/\/radio94fm.net\/site\/wp-json\/wp\/v2\/posts\/21990\/revisions"}],"wp:featuredmedia":[{"embeddable":true,"href":"https:\/\/radio94fm.net\/site\/wp-json\/wp\/v2\/media\/21991"}],"wp:attachment":[{"href":"https:\/\/radio94fm.net\/site\/wp-json\/wp\/v2\/media?parent=21990"}],"wp:term":[{"taxonomy":"category","embeddable":true,"href":"https:\/\/radio94fm.net\/site\/wp-json\/wp\/v2\/categories?post=21990"},{"taxonomy":"post_tag","embeddable":true,"href":"https:\/\/radio94fm.net\/site\/wp-json\/wp\/v2\/tags?post=21990"}],"curies":[{"name":"wp","href":"https:\/\/api.w.org\/{rel}","templated":true}]}}