{"id":21572,"date":"2016-08-11T09:18:36","date_gmt":"2016-08-11T12:18:36","guid":{"rendered":"http:\/\/www.radio94fm.net\/site\/?p=21572"},"modified":"2016-08-11T09:18:36","modified_gmt":"2016-08-11T12:18:36","slug":"belle-sebastian-lanca-musica-em-homenagem-as-olimpiadas-ouca-olympic-village-6am","status":"publish","type":"post","link":"https:\/\/radio94fm.net\/site\/belle-sebastian-lanca-musica-em-homenagem-as-olimpiadas-ouca-olympic-village-6am\/","title":{"rendered":"Belle &#038; Sebastian lan\u00e7a m\u00fasica em homenagem \u00e0s Olimp\u00edadas. Ou\u00e7a &#8220;Olympic Village, 6AM&#8221;"},"content":{"rendered":"<p><span style=\"color: #000000;\"><img loading=\"lazy\" decoding=\"async\" class=\"size-full wp-image-21573 alignleft\" src=\"https:\/\/www.radio94fm.net\/site\/wp-content\/uploads\/2016\/08\/117344w550.jpg\" alt=\"117344w550\" width=\"550\" height=\"312\" srcset=\"https:\/\/radio94fm.net\/site\/wp-content\/uploads\/2016\/08\/117344w550.jpg 550w, https:\/\/radio94fm.net\/site\/wp-content\/uploads\/2016\/08\/117344w550-300x170.jpg 300w\" sizes=\"auto, (max-width: 550px) 100vw, 550px\" \/><\/span><\/p>\n<p><span style=\"color: #000000;\">Os escoceses do Belle &amp; Sebastian lan\u00e7aram a faixa &#8220;Olympic Village, 6AM em homenagem \u00e0s Olimp\u00edadas do Rio de Janeiro. Na descri\u00e7\u00e3o do v\u00eddeo, a banda indie diz amar o ideal ol\u00edmpico e de como o mundo se une a cada quatro anos para esse enorme &#8220;dia esportivo&#8221;. &#8220;N\u00f3s n\u00e3o podemos fazer parte do evento&#8230; ent\u00e3o gravamos essa can\u00e7\u00e3o com o Rio em nossas mentes: especialmente o atletismo.&#8221;<\/span><\/p>\n<p>&nbsp;<\/p>\n<p>&nbsp;<\/p>\n<p>&nbsp;<\/p>\n<p>&nbsp;<\/p>\n<p>&nbsp;<\/p>\n<p><span style=\"color: #000000;\">Veja o v\u00eddeo:<\/span><\/p>\n<p><iframe loading=\"lazy\" src=\"https:\/\/www.youtube.com\/embed\/fKThRcjXPJY\" width=\"560\" height=\"315\" frameborder=\"0\" allowfullscreen=\"allowfullscreen\"><\/iframe><\/p>\n","protected":false},"excerpt":{"rendered":"<p>Os escoceses do Belle &amp; Sebastian lan\u00e7aram a faixa &#8220;Olympic Village, 6AM em homenagem \u00e0s Olimp\u00edadas do Rio de Janeiro. Na descri\u00e7\u00e3o do v\u00eddeo, a banda indie diz amar o ideal ol\u00edmpico e de como o mundo se une a cada quatro anos para esse enorme &#8220;dia esportivo&#8221;. &#8220;N\u00f3s n\u00e3o podemos fazer parte do evento&#8230;&#8230;<\/p>\n","protected":false},"author":1,"featured_media":21573,"comment_status":"open","ping_status":"open","sticky":false,"template":"","format":"standard","meta":{"ngg_post_thumbnail":0,"footnotes":""},"categories":[60],"tags":[],"class_list":["post-21572","post","type-post","status-publish","format-standard","has-post-thumbnail","hentry","category-na-musica","have-post-thumb"],"_links":{"self":[{"href":"https:\/\/radio94fm.net\/site\/wp-json\/wp\/v2\/posts\/21572","targetHints":{"allow":["GET"]}}],"collection":[{"href":"https:\/\/radio94fm.net\/site\/wp-json\/wp\/v2\/posts"}],"about":[{"href":"https:\/\/radio94fm.net\/site\/wp-json\/wp\/v2\/types\/post"}],"author":[{"embeddable":true,"href":"https:\/\/radio94fm.net\/site\/wp-json\/wp\/v2\/users\/1"}],"replies":[{"embeddable":true,"href":"https:\/\/radio94fm.net\/site\/wp-json\/wp\/v2\/comments?post=21572"}],"version-history":[{"count":0,"href":"https:\/\/radio94fm.net\/site\/wp-json\/wp\/v2\/posts\/21572\/revisions"}],"wp:featuredmedia":[{"embeddable":true,"href":"https:\/\/radio94fm.net\/site\/wp-json\/wp\/v2\/media\/21573"}],"wp:attachment":[{"href":"https:\/\/radio94fm.net\/site\/wp-json\/wp\/v2\/media?parent=21572"}],"wp:term":[{"taxonomy":"category","embeddable":true,"href":"https:\/\/radio94fm.net\/site\/wp-json\/wp\/v2\/categories?post=21572"},{"taxonomy":"post_tag","embeddable":true,"href":"https:\/\/radio94fm.net\/site\/wp-json\/wp\/v2\/tags?post=21572"}],"curies":[{"name":"wp","href":"https:\/\/api.w.org\/{rel}","templated":true}]}}