{"id":21546,"date":"2016-08-09T09:28:43","date_gmt":"2016-08-09T12:28:43","guid":{"rendered":"http:\/\/www.radio94fm.net\/site\/?p=21546"},"modified":"2016-08-09T09:28:43","modified_gmt":"2016-08-09T12:28:43","slug":"confira-o-clipe-de-no-limit-de-usher","status":"publish","type":"post","link":"https:\/\/radio94fm.net\/site\/confira-o-clipe-de-no-limit-de-usher\/","title":{"rendered":"Confira o clipe de &#8220;No Limit&#8221;, de Usher"},"content":{"rendered":"<p><span style=\"color: #000000;\"><img loading=\"lazy\" decoding=\"async\" class=\" wp-image-21547 alignleft\" src=\"https:\/\/www.radio94fm.net\/site\/wp-content\/uploads\/2016\/08\/116074w550-1.jpg\" alt=\"116074w550\" width=\"462\" height=\"308\" srcset=\"https:\/\/radio94fm.net\/site\/wp-content\/uploads\/2016\/08\/116074w550-1.jpg 550w, https:\/\/radio94fm.net\/site\/wp-content\/uploads\/2016\/08\/116074w550-1-300x200.jpg 300w\" sizes=\"auto, (max-width: 462px) 100vw, 462px\" \/><\/span><\/p>\n<p><span style=\"color: #000000;\">Usher divulgou o clipe de sua nova m\u00fasica de trabalho em parceria com Young Thug, chamada &#8220;No Limit (Feat. Young Thug)&#8221;.<\/span><\/p>\n<p>&nbsp;<\/p>\n<p><span style=\"color: #000000;\">O v\u00eddeo mostra o cantor acompanhado por diversos dan\u00e7arinos em um cen\u00e1rio branco.<\/span><\/p>\n<p>&nbsp;<\/p>\n<p><span style=\"color: #000000;\">A faixa far\u00e1 parte do pr\u00f3ximo \u00e1lbum de est\u00fadio do americano, &#8220;Flawed&#8221;, ainda sem data de lan\u00e7amento definida, mas aguardado para este ano. O material j\u00e1 conta com o single &#8220;Crash&#8221;.<\/span><\/p>\n<p>&nbsp;<\/p>\n<p><span style=\"color: #000000;\">Assista a seguir ao clipe:<\/span><\/p>\n<p><iframe loading=\"lazy\" src=\"https:\/\/www.youtube.com\/embed\/3w0yqAdJ1iY\" width=\"560\" height=\"315\" frameborder=\"0\" allowfullscreen=\"allowfullscreen\"><\/iframe><\/p>\n","protected":false},"excerpt":{"rendered":"<p>Usher divulgou o clipe de sua nova m\u00fasica de trabalho em parceria com Young Thug, chamada &#8220;No Limit (Feat. Young Thug)&#8221;. &nbsp; O v\u00eddeo mostra o cantor acompanhado por diversos dan\u00e7arinos em um cen\u00e1rio branco. &nbsp; A faixa far\u00e1 parte do pr\u00f3ximo \u00e1lbum de est\u00fadio do americano, &#8220;Flawed&#8221;, ainda sem data de lan\u00e7amento definida, mas&#8230;<\/p>\n","protected":false},"author":1,"featured_media":21547,"comment_status":"open","ping_status":"open","sticky":false,"template":"","format":"standard","meta":{"ngg_post_thumbnail":0,"footnotes":""},"categories":[60],"tags":[],"class_list":["post-21546","post","type-post","status-publish","format-standard","has-post-thumbnail","hentry","category-na-musica","have-post-thumb"],"_links":{"self":[{"href":"https:\/\/radio94fm.net\/site\/wp-json\/wp\/v2\/posts\/21546","targetHints":{"allow":["GET"]}}],"collection":[{"href":"https:\/\/radio94fm.net\/site\/wp-json\/wp\/v2\/posts"}],"about":[{"href":"https:\/\/radio94fm.net\/site\/wp-json\/wp\/v2\/types\/post"}],"author":[{"embeddable":true,"href":"https:\/\/radio94fm.net\/site\/wp-json\/wp\/v2\/users\/1"}],"replies":[{"embeddable":true,"href":"https:\/\/radio94fm.net\/site\/wp-json\/wp\/v2\/comments?post=21546"}],"version-history":[{"count":0,"href":"https:\/\/radio94fm.net\/site\/wp-json\/wp\/v2\/posts\/21546\/revisions"}],"wp:featuredmedia":[{"embeddable":true,"href":"https:\/\/radio94fm.net\/site\/wp-json\/wp\/v2\/media\/21547"}],"wp:attachment":[{"href":"https:\/\/radio94fm.net\/site\/wp-json\/wp\/v2\/media?parent=21546"}],"wp:term":[{"taxonomy":"category","embeddable":true,"href":"https:\/\/radio94fm.net\/site\/wp-json\/wp\/v2\/categories?post=21546"},{"taxonomy":"post_tag","embeddable":true,"href":"https:\/\/radio94fm.net\/site\/wp-json\/wp\/v2\/tags?post=21546"}],"curies":[{"name":"wp","href":"https:\/\/api.w.org\/{rel}","templated":true}]}}