{"id":21528,"date":"2016-08-05T09:00:02","date_gmt":"2016-08-05T12:00:02","guid":{"rendered":"http:\/\/www.radio94fm.net\/site\/?p=21528"},"modified":"2016-08-05T09:00:02","modified_gmt":"2016-08-05T12:00:02","slug":"selena-gomez-anuncia-shows-no-brasil","status":"publish","type":"post","link":"https:\/\/radio94fm.net\/site\/selena-gomez-anuncia-shows-no-brasil\/","title":{"rendered":"Selena Gomez anuncia shows no Brasil"},"content":{"rendered":"<p><span style=\"color: #000000;\"><img loading=\"lazy\" decoding=\"async\" class=\"size-full wp-image-21529 alignright\" src=\"https:\/\/www.radio94fm.net\/site\/wp-content\/uploads\/2016\/08\/115934w250.jpg\" alt=\"115934w250\" width=\"250\" height=\"250\" srcset=\"https:\/\/radio94fm.net\/site\/wp-content\/uploads\/2016\/08\/115934w250.jpg 250w, https:\/\/radio94fm.net\/site\/wp-content\/uploads\/2016\/08\/115934w250-150x150.jpg 150w\" sizes=\"auto, (max-width: 250px) 100vw, 250px\" \/><\/span><\/p>\n<p><span style=\"color: #000000;\">Ap\u00f3s muitos rumores e especula\u00e7\u00f5es, Selena Gomez confirmou na manh\u00e3 desta quinta-feira (4) que vir\u00e1 ao Brasil em dezembro para quatro shows.<\/span><\/p>\n<p>&nbsp;<\/p>\n<p><span style=\"color: #000000;\">A turn\u00ea &#8220;Revival&#8221; da cantora americana vir\u00e1 \u00e0 S\u00e3o Paulo, Bras\u00edlia, Rio de Janeiro e Curitiba, atrav\u00e9s da produtora Move Concerts.<\/span><\/p>\n<p>&nbsp;<\/p>\n<p><span style=\"color: #000000;\">Na capital paulista, a morena se apresentar\u00e1 como atra\u00e7\u00e3o principal do Z Festival, no Allianz Parque, que ainda contar\u00e1 com Anitta, Tiago Iorc, Projota, Manu Gavassi eLarissa Manoela; nas demais cidades, far\u00e1 shows solo, ainda sem atos de abertura confirmados.<\/span><\/p>\n<p>&nbsp;<\/p>\n<p><span style=\"color: #000000;\">Os ingressos come\u00e7am a ser vendidos no site da LivePass em 16 de setembro, com pre\u00e7os ainda a serem divulgados.<\/span><\/p>\n<p>&nbsp;<\/p>\n<p><span style=\"color: #000000;\">Confira os detalhes sobre a excurs\u00e3o a seguir:<\/span><\/p>\n<p>&nbsp;<\/p>\n<p><span style=\"color: #000000;\">Curitiba<\/span><br \/>\n<span style=\"color: #000000;\"> Data: 6 de dezembro<\/span><br \/>\n<span style=\"color: #000000;\"> Local: Expo Unimed<\/span><br \/>\n<span style=\"color: #000000;\"> Hor\u00e1rio: 19:00<\/span><\/p>\n<p>&nbsp;<\/p>\n<p><span style=\"color: #000000;\">S\u00e3o Paulo<\/span><br \/>\n<span style=\"color: #000000;\"> Data: 10 de dezembro<\/span><br \/>\n<span style=\"color: #000000;\"> Local: Allianz Parque (Z Festival)<\/span><br \/>\n<span style=\"color: #000000;\"> Hor\u00e1rio: 15:00<\/span><br \/>\n<span style=\"color: #000000;\"> Faixa et\u00e1ria: 14 anos (menores apenas acompanhados de respons\u00e1veis)<\/span><\/p>\n<p>&nbsp;<\/p>\n<p><span style=\"color: #000000;\">Rio de Janeiro<\/span><br \/>\n<span style=\"color: #000000;\"> Data: 11 de dezembro<\/span><br \/>\n<span style=\"color: #000000;\"> Local: Rio Arena (antiga HSBC Arena)<\/span><br \/>\n<span style=\"color: #000000;\"> Hor\u00e1rio: 19:00<\/span><\/p>\n<p>&nbsp;<\/p>\n<p><span style=\"color: #000000;\">Bras\u00edlia<\/span><br \/>\n<span style=\"color: #000000;\"> Data: 12 de dezembro<\/span><br \/>\n<span style=\"color: #000000;\"> Local: Net Live<\/span><br \/>\n<span style=\"color: #000000;\"> Hor\u00e1rio: 19:00<\/span><\/p>\n","protected":false},"excerpt":{"rendered":"<p>Ap\u00f3s muitos rumores e especula\u00e7\u00f5es, Selena Gomez confirmou na manh\u00e3 desta quinta-feira (4) que vir\u00e1 ao Brasil em dezembro para quatro shows. &nbsp; A turn\u00ea &#8220;Revival&#8221; da cantora americana vir\u00e1 \u00e0 S\u00e3o Paulo, Bras\u00edlia, Rio de Janeiro e Curitiba, atrav\u00e9s da produtora Move Concerts. &nbsp; Na capital paulista, a morena se apresentar\u00e1 como atra\u00e7\u00e3o principal&#8230;<\/p>\n","protected":false},"author":1,"featured_media":21529,"comment_status":"open","ping_status":"open","sticky":false,"template":"","format":"standard","meta":{"ngg_post_thumbnail":0,"footnotes":""},"categories":[60],"tags":[],"class_list":["post-21528","post","type-post","status-publish","format-standard","has-post-thumbnail","hentry","category-na-musica","have-post-thumb"],"_links":{"self":[{"href":"https:\/\/radio94fm.net\/site\/wp-json\/wp\/v2\/posts\/21528","targetHints":{"allow":["GET"]}}],"collection":[{"href":"https:\/\/radio94fm.net\/site\/wp-json\/wp\/v2\/posts"}],"about":[{"href":"https:\/\/radio94fm.net\/site\/wp-json\/wp\/v2\/types\/post"}],"author":[{"embeddable":true,"href":"https:\/\/radio94fm.net\/site\/wp-json\/wp\/v2\/users\/1"}],"replies":[{"embeddable":true,"href":"https:\/\/radio94fm.net\/site\/wp-json\/wp\/v2\/comments?post=21528"}],"version-history":[{"count":0,"href":"https:\/\/radio94fm.net\/site\/wp-json\/wp\/v2\/posts\/21528\/revisions"}],"wp:featuredmedia":[{"embeddable":true,"href":"https:\/\/radio94fm.net\/site\/wp-json\/wp\/v2\/media\/21529"}],"wp:attachment":[{"href":"https:\/\/radio94fm.net\/site\/wp-json\/wp\/v2\/media?parent=21528"}],"wp:term":[{"taxonomy":"category","embeddable":true,"href":"https:\/\/radio94fm.net\/site\/wp-json\/wp\/v2\/categories?post=21528"},{"taxonomy":"post_tag","embeddable":true,"href":"https:\/\/radio94fm.net\/site\/wp-json\/wp\/v2\/tags?post=21528"}],"curies":[{"name":"wp","href":"https:\/\/api.w.org\/{rel}","templated":true}]}}